{"id":891,"date":"2018-01-30T14:17:49","date_gmt":"2018-01-30T14:17:49","guid":{"rendered":"http:\/\/www.marlenevieira.pt\/?p=891\/"},"modified":"2026-01-12T18:07:52","modified_gmt":"2026-01-12T17:07:52","slug":"chef-marlene-vieira-no-rock-in-rio","status":"publish","type":"post","link":"https:\/\/www.marlenevieira.pt\/en\/chef-marlene-vieira-no-rock-in-rio\/","title":{"rendered":"Chef Marlene Vieira no Rock In Rio"},"content":{"rendered":"<p>Este ano o Rock In Rio vai contar com um mini Time Out Market, onde v\u00e3o poder recuperar as energias entre os concertos.\u00a0O Time Out Market Rock in Rio \u00e9 o s\u00edtio ideal da cidade do rock para recarregar baterias e celebrar a gastronomia portuguesa. Entre os concertos, o p\u00fablico poder\u00e1 escolher entre 14 restaurantes e desfrutar de uma refei\u00e7\u00e3o num ambiente ainda mais confort\u00e1vel, com 380 lugares sentados..<\/p>\n<p>O Rock in Rio Lisboa vai contar com um mercado de alta cozinha onde alguns dos mais conceituados chefs portugueses como a\u00a0Marlene Vieira, \u00a0Alexandre Silva, Henrique S\u00e1 Pessoa e V\u00edtor Sobral, ser\u00e3o &#8220;cabe\u00e7as de cartaz&#8221;.<\/p>\n","protected":false},"excerpt":{"rendered":"<p>Este ano o Rock In Rio vai contar com um mini Time Out Market, onde v\u00e3o poder recuperar as energias entre os concertos.\u00a0O Time Out Market Rock in Rio \u00e9 o s\u00edtio ideal da cidade do rock para recarregar baterias e celebrar a gastronomia portuguesa. Entre os concertos, o p\u00fablico poder\u00e1 escolher entre 14 restaurantes [&hellip;]<\/p>\n","protected":false},"author":3,"featured_media":893,"comment_status":"closed","ping_status":"open","sticky":false,"template":"","format":"standard","meta":{"footnotes":""},"categories":[8,5],"tags":[19,32,23,29,30,31,33,34],"class_list":["post-891","post","type-post","status-publish","format-standard","has-post-thumbnail","hentry","category-appearances","category-news","tag-chef-marlene-vieira","tag-lisboa","tag-marlene-vieira","tag-rir","tag-rock-in-rio","tag-rock-in-rio-lisboa","tag-time-out-market","tag-time-out-market-rock-in-rio"],"aioseo_notices":[],"_links":{"self":[{"href":"https:\/\/www.marlenevieira.pt\/en\/wp-json\/wp\/v2\/posts\/891"}],"collection":[{"href":"https:\/\/www.marlenevieira.pt\/en\/wp-json\/wp\/v2\/posts"}],"about":[{"href":"https:\/\/www.marlenevieira.pt\/en\/wp-json\/wp\/v2\/types\/post"}],"author":[{"embeddable":true,"href":"https:\/\/www.marlenevieira.pt\/en\/wp-json\/wp\/v2\/users\/3"}],"replies":[{"embeddable":true,"href":"https:\/\/www.marlenevieira.pt\/en\/wp-json\/wp\/v2\/comments?post=891"}],"version-history":[{"count":10,"href":"https:\/\/www.marlenevieira.pt\/en\/wp-json\/wp\/v2\/posts\/891\/revisions"}],"predecessor-version":[{"id":2486,"href":"https:\/\/www.marlenevieira.pt\/en\/wp-json\/wp\/v2\/posts\/891\/revisions\/2486"}],"wp:featuredmedia":[{"embeddable":true,"href":"https:\/\/www.marlenevieira.pt\/en\/wp-json\/wp\/v2\/media\/893"}],"wp:attachment":[{"href":"https:\/\/www.marlenevieira.pt\/en\/wp-json\/wp\/v2\/media?parent=891"}],"wp:term":[{"taxonomy":"category","embeddable":true,"href":"https:\/\/www.marlenevieira.pt\/en\/wp-json\/wp\/v2\/categories?post=891"},{"taxonomy":"post_tag","embeddable":true,"href":"https:\/\/www.marlenevieira.pt\/en\/wp-json\/wp\/v2\/tags?post=891"}],"curies":[{"name":"wp","href":"https:\/\/api.w.org\/{rel}","templated":true}]}}