{"id":1025,"date":"2018-09-12T10:35:53","date_gmt":"2018-09-12T10:35:53","guid":{"rendered":"http:\/\/www.marlenevieira.pt\/?p=1025"},"modified":"2026-01-12T18:08:06","modified_gmt":"2026-01-12T17:08:06","slug":"os-doces-da-chef-marlene","status":"publish","type":"post","link":"https:\/\/www.marlenevieira.pt\/en\/os-doces-da-chef-marlene\/","title":{"rendered":"OS DOCES DA CHEF MARLENE"},"content":{"rendered":"<p><em>Os Doces da Chef Marlene\u00a0<\/em>re\u00fanem 80 receitas de uma das <em>chef <\/em>mais emblem\u00e1ticas da nova cozinha portuguesa. S\u00e3o sobremesas para todo o ano, divididas pelos 12 meses, ao sabor dos frutos e ingredientes pr\u00f3prios de cada esta\u00e7\u00e3o.<\/p>\n<p>Mais do que um simples livro de do\u00e7aria, a <em>chef <\/em>Marlene partilha aqui os seus segredos e t\u00e9cnicas e vai ajudar-vos a recriar sobremesas simples, de puros sabores, com combina\u00e7\u00f5es modernas e criativas, para fazerem em fam\u00edlia, com amigos e at\u00e9 com os filhos.<\/p>\n<p><span>Aceite o desafio e aventure-se pelo mundo dos doces!<\/span><\/p>\n","protected":false},"excerpt":{"rendered":"<p>Os Doces da Chef Marlene\u00a0re\u00fanem 80 receitas de uma das chef mais emblem\u00e1ticas da nova cozinha portuguesa. S\u00e3o sobremesas para todo o ano, divididas pelos 12 meses, ao sabor dos frutos e ingredientes pr\u00f3prios de cada esta\u00e7\u00e3o. Mais do que um simples livro de do\u00e7aria, a chef Marlene partilha aqui os seus segredos e t\u00e9cnicas [&hellip;]<\/p>\n","protected":false},"author":3,"featured_media":1028,"comment_status":"closed","ping_status":"open","sticky":false,"template":"","format":"standard","meta":{"footnotes":""},"categories":[5],"tags":[],"class_list":["post-1025","post","type-post","status-publish","format-standard","has-post-thumbnail","hentry","category-news"],"aioseo_notices":[],"_links":{"self":[{"href":"https:\/\/www.marlenevieira.pt\/en\/wp-json\/wp\/v2\/posts\/1025"}],"collection":[{"href":"https:\/\/www.marlenevieira.pt\/en\/wp-json\/wp\/v2\/posts"}],"about":[{"href":"https:\/\/www.marlenevieira.pt\/en\/wp-json\/wp\/v2\/types\/post"}],"author":[{"embeddable":true,"href":"https:\/\/www.marlenevieira.pt\/en\/wp-json\/wp\/v2\/users\/3"}],"replies":[{"embeddable":true,"href":"https:\/\/www.marlenevieira.pt\/en\/wp-json\/wp\/v2\/comments?post=1025"}],"version-history":[{"count":4,"href":"https:\/\/www.marlenevieira.pt\/en\/wp-json\/wp\/v2\/posts\/1025\/revisions"}],"predecessor-version":[{"id":2456,"href":"https:\/\/www.marlenevieira.pt\/en\/wp-json\/wp\/v2\/posts\/1025\/revisions\/2456"}],"wp:featuredmedia":[{"embeddable":true,"href":"https:\/\/www.marlenevieira.pt\/en\/wp-json\/wp\/v2\/media\/1028"}],"wp:attachment":[{"href":"https:\/\/www.marlenevieira.pt\/en\/wp-json\/wp\/v2\/media?parent=1025"}],"wp:term":[{"taxonomy":"category","embeddable":true,"href":"https:\/\/www.marlenevieira.pt\/en\/wp-json\/wp\/v2\/categories?post=1025"},{"taxonomy":"post_tag","embeddable":true,"href":"https:\/\/www.marlenevieira.pt\/en\/wp-json\/wp\/v2\/tags?post=1025"}],"curies":[{"name":"wp","href":"https:\/\/api.w.org\/{rel}","templated":true}]}}